
{"id":10058,"date":"2022-12-06T10:39:01","date_gmt":"2022-12-06T09:39:01","guid":{"rendered":"https:\/\/pferdeberufe.ch\/?p=10058"},"modified":"2026-04-09T17:37:17","modified_gmt":"2026-04-09T15:37:17","slug":"vitor-nunes-de-oliveira","status":"publish","type":"post","link":"https:\/\/pferdeberufe.ch\/de\/vitor-nunes-de-oliveira\/","title":{"rendered":"Vitor Nunes De Oliveira"},"content":{"rendered":"\t\t<div data-elementor-type=\"wp-post\" data-elementor-id=\"10058\" class=\"elementor elementor-10058\" data-elementor-post-type=\"post\">\n\t\t\t\t\t\t<section class=\"elementor-section elementor-top-section elementor-element elementor-element-4d3fadf1 elementor-section-boxed elementor-section-height-default elementor-section-height-default\" data-id=\"4d3fadf1\" data-element_type=\"section\" data-e-type=\"section\">\n\t\t\t\t\t\t<div class=\"elementor-container elementor-column-gap-default\">\n\t\t\t\t\t<div class=\"elementor-column elementor-col-100 elementor-top-column elementor-element elementor-element-74b24e43\" data-id=\"74b24e43\" data-element_type=\"column\" data-e-type=\"column\">\n\t\t\t<div class=\"elementor-widget-wrap elementor-element-populated\">\n\t\t\t\t\t\t<div class=\"elementor-element elementor-element-650bcd54 elementor-widget elementor-widget-text-editor\" data-id=\"650bcd54\" data-element_type=\"widget\" data-e-type=\"widget\" data-widget_type=\"text-editor.default\">\n\t\t\t\t<div class=\"elementor-widget-container\">\n\t\t\t\t\t\t\t\t\t<p>\u00fcK Leiter EFZ Pferderennsport Trab &#8211; Erfolgreicher Reiter und Trainer im Trabrennsport<\/p><div><p><b><span style=\"font-size: 12.0pt; color: black;\">Reiterlicher\/Beruflicher Werdegang<\/span><\/b><\/p><p><b><span style=\"font-size: 12.0pt; color: black;\">\u00a0<\/span><\/b><\/p><p><span style=\"font-size: 16px;\"><b>Erfahrungen:<\/b><\/span><\/p><p><span style=\"font-size: 16px;\">1992-1998 &#8211; Tierarzthelferin f\u00fcr die Klinik und Angestellte f\u00fcr die Pflege und das Training der Rennpferde von Herrn Ren\u00e9 Aebischer<\/span><\/p><p><span style=\"font-size: 16px;\">1998-2000 &#8211; Tierarzthelferin f\u00fcr Dr. Hans Georg Stihl<\/span><\/p><p><span style=\"font-size: 16px;\">2000-2014 &#8211; Trainer und Driver f\u00fcr den Stall Turrettini<\/span><\/p><p><span style=\"font-size: 16px;\">2014-jetzt &#8211; Verantwortlicher Trainer und Driver f\u00fcr den Stall Turrettini Diplome :\u00a0<\/span><\/p><p><span style=\"font-size: 16px;\">\u00a0<\/span><\/p><p><span style=\"font-size: 16px; color: var( --e-global-color-text ); font-family: var( --e-global-typography-text-font-family ), Sans-serif; font-weight: var( --e-global-typography-text-font-weight ); background-color: var(--base-3);\">&#8211; Amateur-Driver-Lizenz: 05.2003<\/span><\/p><p><span style=\"font-size: 16px;\">&#8211; Professionelle Driver-Lizenz: 04.2012<\/span><\/p><p><span style=\"font-size: 16px;\">&#8211; Lizenz Trainer Amateur: 05.2002<\/span><\/p><p><span style=\"font-size: 16px;\">&#8211; Professionelle Trainerlizenz: 04.2013<\/span><\/p><p><span style=\"font-size: 16px;\">\u00a0<\/span><\/p><p><strong><span style=\"font-size: 16px;\">Sportliche Erfolge:<\/span><\/strong><\/p><p><span style=\"font-size: 16px;\">Bis heute kann ich 1463 Rennen als Trainer verzeichnen, davon 308 Siege und 737 Platzierungen.\u00a0<\/span><\/p><p><span style=\"font-size: 16px;\">Ebenfalls 1021 Rennen als Driver, davon 133 Siege und 485 Platzierungen.<\/span><\/p><p><span style=\"font-size: 16px;\">\u00a0<\/span><span style=\"font-size: 16px; color: var( --e-global-color-text ); font-family: var( --e-global-typography-text-font-family ), Sans-serif; font-weight: var( --e-global-typography-text-font-weight ); background-color: var(--base-3);\">Hier auch meine pers\u00f6nlichen Platzierungen seit 2017 :<\/span><\/p><p><strong><span style=\"font-size: 16px;\">\u00a0<\/span><span style=\"font-size: 16px; color: var( --e-global-color-text ); font-family: var( --e-global-typography-text-font-family ), Sans-serif; background-color: var(--base-3);\">2017<\/span><\/strong><\/p><p><span style=\"font-size: 16px;\">Trainer: 2.<\/span><\/p><p><span style=\"font-size: 16px;\">Driver: 10.\u00a0<\/span><\/p><p><strong><span style=\"font-size: 16px;\">\u00a0<\/span><span style=\"font-size: 16px; color: var( --e-global-color-text ); font-family: var( --e-global-typography-text-font-family ), Sans-serif; background-color: var(--base-3);\">2018<\/span><\/strong><\/p><p><span style=\"font-size: 16px;\">Trainer: 3.<\/span><\/p><p><span style=\"font-size: 16px;\">Driver: 7.<\/span><\/p><p><strong><span style=\"font-size: 16px;\">2019\u00a0<\/span><\/strong><\/p><p><span style=\"font-size: 16px;\">Trainer: 2.<\/span><\/p><p><span style=\"font-size: 16px;\">Driver: 5.<\/span><\/p><p><strong><span style=\"font-size: 16px;\">2020\u00a0<\/span><\/strong><\/p><p><span style=\"font-size: 16px;\">Trainer: 2.<\/span><\/p><p><span style=\"font-size: 16px;\">Driver: 4.<\/span><\/p><p><strong><span style=\"font-size: 16px;\">2021<\/span><\/strong><\/p><p><span style=\"font-size: 16px;\">Trainer: 2.<\/span><\/p><p><span style=\"font-size: 16px;\">Driver: 3.<\/span><span style=\"font-size: 16px;\">\u00a0<\/span><\/p><p><strong><span style=\"font-size: 16px;\">2022<\/span><\/strong><\/p><p><span style=\"font-size: 16px;\">Trainer: 2.<\/span><\/p><p><span style=\"font-size: 16px;\">Driver: 6.<\/span><\/p><p><strong><span style=\"font-size: 16px;\">2023<\/span><\/strong><\/p><p><span style=\"font-size: 16px;\">Trainer: 1.<\/span><\/p><p><span style=\"font-size: 16px;\">Driver: 4.\u00a0<\/span><\/p><p><b><span style=\"font-size: 12.0pt; color: black;\">\u00a0<\/span><\/b><\/p><p>\u00a0<\/p><p><b><span style=\"font-size: 12.0pt; color: black;\">\u00a0<\/span><\/b><\/p><div>\u00a0<\/div><\/div>\t\t\t\t\t\t\t\t<\/div>\n\t\t\t\t<\/div>\n\t\t\t\t<div class=\"elementor-element elementor-element-77b40cd elementor-widget elementor-widget-spacer\" data-id=\"77b40cd\" data-element_type=\"widget\" data-e-type=\"widget\" data-widget_type=\"spacer.default\">\n\t\t\t\t<div class=\"elementor-widget-container\">\n\t\t\t\t\t\t\t<div class=\"elementor-spacer\">\n\t\t\t<div class=\"elementor-spacer-inner\"><\/div>\n\t\t<\/div>\n\t\t\t\t\t\t<\/div>\n\t\t\t\t<\/div>\n\t\t\t\t\t<\/div>\n\t\t<\/div>\n\t\t\t\t\t<\/div>\n\t\t<\/section>\n\t\t\t\t<section class=\"elementor-section elementor-top-section elementor-element elementor-element-8564580 elementor-section-boxed elementor-section-height-default elementor-section-height-default\" data-id=\"8564580\" data-element_type=\"section\" data-e-type=\"section\">\n\t\t\t\t\t\t<div class=\"elementor-container elementor-column-gap-default\">\n\t\t\t\t\t<div class=\"elementor-column elementor-col-100 elementor-top-column elementor-element elementor-element-e572693\" data-id=\"e572693\" data-element_type=\"column\" data-e-type=\"column\">\n\t\t\t<div class=\"elementor-widget-wrap\">\n\t\t\t\t\t\t\t<\/div>\n\t\t<\/div>\n\t\t\t\t\t<\/div>\n\t\t<\/section>\n\t\t\t\t<\/div>\n\t\t","protected":false},"excerpt":{"rendered":"<p>\u00fcK Leiter EFZ Pferderennsport Trab &#8211; Erfolgreicher Reiter und Trainer im Trabrennsport Reiterlicher\/Beruflicher Werdegang \u00a0 Erfahrungen: 1992-1998 &#8211; Tierarzthelferin f\u00fcr die Klinik und Angestellte f\u00fcr die Pflege und das Training &#8230; <a title=\"Vitor Nunes De Oliveira\" class=\"read-more\" href=\"https:\/\/pferdeberufe.ch\/de\/vitor-nunes-de-oliveira\/\" aria-label=\"Mehr Informationen \u00fcber Vitor Nunes De Oliveira\">Weiterlesen<\/a><\/p>\n","protected":false},"author":4,"featured_media":10059,"comment_status":"closed","ping_status":"closed","sticky":false,"template":"","format":"standard","meta":{"wds_primary_category":0,"footnotes":""},"categories":[116],"tags":[117],"class_list":["post-10058","post","type-post","status-publish","format-standard","has-post-thumbnail","hentry","category-uek-leiter-2","tag-uek-leiter"],"publishpress_future_action":{"enabled":false,"date":"2026-05-07 10:22:55","action":"change-status","newStatus":"draft","terms":[],"taxonomy":"category","extraData":[]},"publishpress_future_workflow_manual_trigger":{"enabledWorkflows":[]},"_links":{"self":[{"href":"https:\/\/pferdeberufe.ch\/de\/wp-json\/wp\/v2\/posts\/10058","targetHints":{"allow":["GET"]}}],"collection":[{"href":"https:\/\/pferdeberufe.ch\/de\/wp-json\/wp\/v2\/posts"}],"about":[{"href":"https:\/\/pferdeberufe.ch\/de\/wp-json\/wp\/v2\/types\/post"}],"author":[{"embeddable":true,"href":"https:\/\/pferdeberufe.ch\/de\/wp-json\/wp\/v2\/users\/4"}],"replies":[{"embeddable":true,"href":"https:\/\/pferdeberufe.ch\/de\/wp-json\/wp\/v2\/comments?post=10058"}],"version-history":[{"count":7,"href":"https:\/\/pferdeberufe.ch\/de\/wp-json\/wp\/v2\/posts\/10058\/revisions"}],"predecessor-version":[{"id":10726,"href":"https:\/\/pferdeberufe.ch\/de\/wp-json\/wp\/v2\/posts\/10058\/revisions\/10726"}],"wp:featuredmedia":[{"embeddable":true,"href":"https:\/\/pferdeberufe.ch\/de\/wp-json\/wp\/v2\/media\/10059"}],"wp:attachment":[{"href":"https:\/\/pferdeberufe.ch\/de\/wp-json\/wp\/v2\/media?parent=10058"}],"wp:term":[{"taxonomy":"category","embeddable":true,"href":"https:\/\/pferdeberufe.ch\/de\/wp-json\/wp\/v2\/categories?post=10058"},{"taxonomy":"post_tag","embeddable":true,"href":"https:\/\/pferdeberufe.ch\/de\/wp-json\/wp\/v2\/tags?post=10058"}],"curies":[{"name":"wp","href":"https:\/\/api.w.org\/{rel}","templated":true}]}}