
{"id":6464,"date":"2023-01-13T08:13:27","date_gmt":"2023-01-13T07:13:27","guid":{"rendered":"https:\/\/pferdeberufe.ch\/sandra-scherrer\/"},"modified":"2023-01-13T08:13:28","modified_gmt":"2023-01-13T07:13:28","slug":"sandra-scherrer","status":"publish","type":"post","link":"https:\/\/pferdeberufe.ch\/fr\/sandra-scherrer\/","title":{"rendered":"Sandra Scherrer"},"content":{"rendered":"\t\t<div data-elementor-type=\"wp-post\" data-elementor-id=\"6464\" class=\"elementor elementor-6464 elementor-5440\" data-elementor-post-type=\"post\">\n\t\t\t\t\t\t<section class=\"elementor-section elementor-top-section elementor-element elementor-element-4d3fadf1 elementor-section-boxed elementor-section-height-default elementor-section-height-default\" data-id=\"4d3fadf1\" data-element_type=\"section\" data-e-type=\"section\">\n\t\t\t\t\t\t<div class=\"elementor-container elementor-column-gap-default\">\n\t\t\t\t\t<div class=\"elementor-column elementor-col-100 elementor-top-column elementor-element elementor-element-74b24e43\" data-id=\"74b24e43\" data-element_type=\"column\" data-e-type=\"column\">\n\t\t\t<div class=\"elementor-widget-wrap elementor-element-populated\">\n\t\t\t\t\t\t<div class=\"elementor-element elementor-element-650bcd54 elementor-widget elementor-widget-text-editor\" data-id=\"650bcd54\" data-element_type=\"widget\" data-e-type=\"widget\" data-widget_type=\"text-editor.default\">\n\t\t\t\t<div class=\"elementor-widget-container\">\n\t\t\t\t\t\t\t\t\t<p>Monitrice de cours interentreprises pour l&rsquo;\u00e9quitation d&rsquo;allures Brunnadern<\/p>\n<div>\n<p><b><span style=\"font-size: 12.0pt; color: black;\">Carri\u00e8re \u00e9questre\/professionnelle<\/span><\/b><\/p>\n<\/div>\n<div>\n<p><span style=\"font-size: 12.0pt; color: black;\">1988-1991&nbsp; &nbsp; <b>&nbsp;<\/b>Apprentissage de commerce \u00e0 la Carrosserie Pfister, Herisau et Alpstein Reisen<\/span><span style=\"font-size: 12.0pt; color: black;\"><br>depuis 1996, direction du Reithof Neckertal (jusqu&rsquo;\u00e0 100 chevaux islandais, \u00e9cole d&rsquo;\u00e9quitation, \u00e9curie, chevaux de vente, chevaux d&rsquo;\u00e9levage, organisateur de tournois)<\/span><\/p>\n<\/div>\n<div>\n<p><span style=\"font-size: 12.0pt; color: black;\">2000 Juges sportifs nationaux IPV CH<\/span><span style=\"font-size: 12.0pt; color: black;\"><br>2002 Entra\u00eeneur C IPV CH<\/span><span style=\"font-size: 12.0pt; color: black;\"><br>2009&nbsp; Entra\u00eeneur B IPV CH \/IPV CH Brevet III<\/span><span style=\"font-size: 12.0pt; color: black;\"><br>2010 Cours de moniteur J&amp;S\/entra\u00eeneur de club ASEP<\/span><span style=\"font-size: 12.0pt; color: black;\"><br>2012 Entra\u00eeneur A IPV CH<\/span><span style=\"font-size: 12.0pt; color: black;\"><br>2015 Experts d&rsquo;\u00e9levage IPV CH<\/span><span style=\"font-size: 12.0pt; color: black;\"><br>2015 Formateur IPV CH \/ IPV CH API Experte <\/span><span style=\"font-size: 12.0pt; color: black;\"><br>2015 Formation CIE Responsable IFFP <\/span><span style=\"font-size: 12.0pt; color: black;\"><br>2017 Formation d&rsquo;expert IFFP<\/span><span style=\"font-size: 12.0pt; color: black;\">&#8211;<\/span><\/p>\n<\/div>\n<div>\n<p><b><span style=\"font-size: 12.0pt; color: black;\">succ\u00e8s sportifs:<\/span><\/b><span style=\"font-size: 12.0pt; color: black;\"><br>2007 Champion suisse des cinq allures et classement g\u00e9n\u00e9ral avec Lukas fr\u00e1 Litla-Armoti<\/span><span style=\"font-size: 12.0pt; color: black;\"><br>2008 Medaille de bronze au Championnat d&rsquo;Europe centrale de l&rsquo;\u00e9preuve de la passe<\/span><span style=\"font-size: 12.0pt; color: black;\"><br>2009 Membre de l&rsquo;\u00e9quipe Swiss aux championnats du monde de chevaux islandais Reithof Neckertal<\/span><\/p>\n<\/div>\n<div>\n<p><span style=\"font-size: 12.0pt; color: black;\">&nbsp;<\/span><\/p>\n<\/div>\t\t\t\t\t\t\t\t<\/div>\n\t\t\t\t<\/div>\n\t\t\t\t<div class=\"elementor-element elementor-element-77b40cd elementor-widget elementor-widget-spacer\" data-id=\"77b40cd\" data-element_type=\"widget\" data-e-type=\"widget\" data-widget_type=\"spacer.default\">\n\t\t\t\t<div class=\"elementor-widget-container\">\n\t\t\t\t\t\t\t<div class=\"elementor-spacer\">\n\t\t\t<div class=\"elementor-spacer-inner\"><\/div>\n\t\t<\/div>\n\t\t\t\t\t\t<\/div>\n\t\t\t\t<\/div>\n\t\t\t\t\t<\/div>\n\t\t<\/div>\n\t\t\t\t\t<\/div>\n\t\t<\/section>\n\t\t\t\t<section class=\"elementor-section elementor-top-section elementor-element elementor-element-8564580 elementor-section-boxed elementor-section-height-default elementor-section-height-default\" data-id=\"8564580\" data-element_type=\"section\" data-e-type=\"section\">\n\t\t\t\t\t\t<div class=\"elementor-container elementor-column-gap-default\">\n\t\t\t\t\t<div class=\"elementor-column elementor-col-100 elementor-top-column elementor-element elementor-element-e572693\" data-id=\"e572693\" data-element_type=\"column\" data-e-type=\"column\">\n\t\t\t<div class=\"elementor-widget-wrap elementor-element-populated\">\n\t\t\t\t\t\t<div class=\"elementor-element elementor-element-a4228c7 elementor-widget elementor-widget-image\" data-id=\"a4228c7\" data-element_type=\"widget\" data-e-type=\"widget\" data-widget_type=\"image.default\">\n\t\t\t\t<div class=\"elementor-widget-container\">\n\t\t\t\t\t\t\t\t\t\t\t\t\t\t\t<img fetchpriority=\"high\" decoding=\"async\" width=\"768\" height=\"1152\" src=\"https:\/\/pferdeberufe.ch\/wp-content\/smush-avif\/Sandra-Scherrer-1-768x1152.jpg.avif\" class=\"attachment-medium_large size-medium_large wp-image-5426\" alt=\"\" srcset=\"https:\/\/pferdeberufe.ch\/wp-content\/smush-avif\/Sandra-Scherrer-1-768x1152.jpg.avif 768w, https:\/\/pferdeberufe.ch\/wp-content\/smush-avif\/Sandra-Scherrer-1-200x300.jpg.avif 200w, https:\/\/pferdeberufe.ch\/wp-content\/smush-avif\/Sandra-Scherrer-1-683x1024.jpg.avif 683w, https:\/\/pferdeberufe.ch\/wp-content\/smush-avif\/Sandra-Scherrer-1-e1669965152568.jpg.avif 840w\" sizes=\"(max-width: 768px) 100vw, 768px\" \/>\t\t\t\t\t\t\t\t\t\t\t\t\t\t\t<\/div>\n\t\t\t\t<\/div>\n\t\t\t\t\t<\/div>\n\t\t<\/div>\n\t\t\t\t\t<\/div>\n\t\t<\/section>\n\t\t\t\t<\/div>\n\t\t","protected":false},"excerpt":{"rendered":"<p>Monitrice de cours interentreprises pour l&rsquo;\u00e9quitation d&rsquo;allures Brunnadern Carri\u00e8re \u00e9questre\/professionnelle 1988-1991&nbsp; &nbsp; &nbsp;Apprentissage de commerce \u00e0 la Carrosserie Pfister, Herisau et Alpstein Reisendepuis 1996, direction du Reithof Neckertal (jusqu&rsquo;\u00e0 100 &#8230; <a title=\"Sandra Scherrer\" class=\"read-more\" href=\"https:\/\/pferdeberufe.ch\/fr\/sandra-scherrer\/\" aria-label=\"En savoir plus sur Sandra Scherrer\">Lire la suite<\/a><\/p>\n","protected":false},"author":2,"featured_media":5428,"comment_status":"closed","ping_status":"closed","sticky":false,"template":"","format":"standard","meta":{"wds_primary_category":0,"footnotes":""},"categories":[119],"tags":[120],"class_list":["post-6464","post","type-post","status-publish","format-standard","has-post-thumbnail","hentry","category-moniteur-ci","tag-moniteur-ci"],"publishpress_future_action":{"enabled":false,"date":"2026-05-04 20:52:35","action":"change-status","newStatus":"draft","terms":[],"taxonomy":"category","extraData":[]},"publishpress_future_workflow_manual_trigger":{"enabledWorkflows":[]},"_links":{"self":[{"href":"https:\/\/pferdeberufe.ch\/fr\/wp-json\/wp\/v2\/posts\/6464","targetHints":{"allow":["GET"]}}],"collection":[{"href":"https:\/\/pferdeberufe.ch\/fr\/wp-json\/wp\/v2\/posts"}],"about":[{"href":"https:\/\/pferdeberufe.ch\/fr\/wp-json\/wp\/v2\/types\/post"}],"author":[{"embeddable":true,"href":"https:\/\/pferdeberufe.ch\/fr\/wp-json\/wp\/v2\/users\/2"}],"replies":[{"embeddable":true,"href":"https:\/\/pferdeberufe.ch\/fr\/wp-json\/wp\/v2\/comments?post=6464"}],"version-history":[{"count":1,"href":"https:\/\/pferdeberufe.ch\/fr\/wp-json\/wp\/v2\/posts\/6464\/revisions"}],"predecessor-version":[{"id":6465,"href":"https:\/\/pferdeberufe.ch\/fr\/wp-json\/wp\/v2\/posts\/6464\/revisions\/6465"}],"wp:featuredmedia":[{"embeddable":true,"href":"https:\/\/pferdeberufe.ch\/fr\/wp-json\/wp\/v2\/media\/5428"}],"wp:attachment":[{"href":"https:\/\/pferdeberufe.ch\/fr\/wp-json\/wp\/v2\/media?parent=6464"}],"wp:term":[{"taxonomy":"category","embeddable":true,"href":"https:\/\/pferdeberufe.ch\/fr\/wp-json\/wp\/v2\/categories?post=6464"},{"taxonomy":"post_tag","embeddable":true,"href":"https:\/\/pferdeberufe.ch\/fr\/wp-json\/wp\/v2\/tags?post=6464"}],"curies":[{"name":"wp","href":"https:\/\/api.w.org\/{rel}","templated":true}]}}