
{"id":6466,"date":"2023-01-13T08:14:50","date_gmt":"2023-01-13T07:14:50","guid":{"rendered":"https:\/\/pferdeberufe.ch\/susanne-ritz\/"},"modified":"2026-01-20T08:52:13","modified_gmt":"2026-01-20T07:52:13","slug":"susanne-ritz","status":"publish","type":"post","link":"https:\/\/pferdeberufe.ch\/fr\/susanne-ritz\/","title":{"rendered":"Susanne Ritz"},"content":{"rendered":"\t\t<div data-elementor-type=\"wp-post\" data-elementor-id=\"6466\" class=\"elementor elementor-6466 elementor-5319\" data-elementor-post-type=\"post\">\n\t\t\t\t\t\t<section class=\"elementor-section elementor-top-section elementor-element elementor-element-4c07c5cb elementor-section-boxed elementor-section-height-default elementor-section-height-default\" data-id=\"4c07c5cb\" data-element_type=\"section\" data-e-type=\"section\">\n\t\t\t\t\t\t<div class=\"elementor-container elementor-column-gap-default\">\n\t\t\t\t\t<div class=\"elementor-column elementor-col-100 elementor-top-column elementor-element elementor-element-422d32e0\" data-id=\"422d32e0\" data-element_type=\"column\" data-e-type=\"column\">\n\t\t\t<div class=\"elementor-widget-wrap elementor-element-populated\">\n\t\t\t\t\t\t<div class=\"elementor-element elementor-element-f8187fb elementor-widget elementor-widget-text-editor\" data-id=\"f8187fb\" data-element_type=\"widget\" data-e-type=\"widget\" data-widget_type=\"text-editor.default\">\n\t\t\t\t<div class=\"elementor-widget-container\">\n\t\t\t\t\t\t\t\t\t<p>Responsable CI AFP, CFC Soins aux chevaux \/ \u00e9quitation classique Buchs et Berne<\/p>\n<p>Succ\u00e8s sportifs en dressage jusqu&rsquo;au niveau S<br \/>1991 Dipl\u00f4me d&rsquo;\u00e9cuy\u00e8re avec certificat de capacit\u00e9<br \/>1993 Dipl\u00f4me d&rsquo;\u00e9cole de commerce<br \/>2001 Dipl\u00f4me d&rsquo;\u00e9cuy\u00e8re avec brevet f\u00e9d\u00e9ral<br \/>2010 Formation \u00e0 la p\u00e9dagogie professionnelle pour les formatrices \u00e0 temps partiel<br \/>2012 Dipl\u00f4me d&rsquo;experte d&rsquo;examen pour la proc\u00e9dure de qualification des m\u00e9tiers du cheval<br \/>2019 Dipl\u00f4me d&rsquo;experte de la fili\u00e8re \u00e9quine avec dipl\u00f4me f\u00e9d\u00e9ral<\/p>\n\t\t\t\t\t\t\t\t<\/div>\n\t\t\t\t<\/div>\n\t\t\t\t\t<\/div>\n\t\t<\/div>\n\t\t\t\t\t<\/div>\n\t\t<\/section>\n\t\t\t\t<section class=\"elementor-section elementor-top-section elementor-element elementor-element-9cfa77b elementor-section-boxed elementor-section-height-default elementor-section-height-default\" data-id=\"9cfa77b\" data-element_type=\"section\" data-e-type=\"section\">\n\t\t\t\t\t\t<div class=\"elementor-container elementor-column-gap-default\">\n\t\t\t\t\t<div class=\"elementor-column elementor-col-100 elementor-top-column elementor-element elementor-element-a8baac6\" data-id=\"a8baac6\" data-element_type=\"column\" data-e-type=\"column\">\n\t\t\t<div class=\"elementor-widget-wrap elementor-element-populated\">\n\t\t\t\t\t\t<div class=\"elementor-element elementor-element-a9798b5 elementor-widget elementor-widget-spacer\" data-id=\"a9798b5\" data-element_type=\"widget\" data-e-type=\"widget\" data-widget_type=\"spacer.default\">\n\t\t\t\t<div class=\"elementor-widget-container\">\n\t\t\t\t\t\t\t<div class=\"elementor-spacer\">\n\t\t\t<div class=\"elementor-spacer-inner\"><\/div>\n\t\t<\/div>\n\t\t\t\t\t\t<\/div>\n\t\t\t\t<\/div>\n\t\t\t\t<div class=\"elementor-element elementor-element-fc93633 elementor-widget elementor-widget-image\" data-id=\"fc93633\" data-element_type=\"widget\" data-e-type=\"widget\" data-widget_type=\"image.default\">\n\t\t\t\t<div class=\"elementor-widget-container\">\n\t\t\t\t\t\t\t\t\t\t\t\t\t\t\t<img fetchpriority=\"high\" decoding=\"async\" width=\"1024\" height=\"681\" src=\"https:\/\/pferdeberufe.ch\/wp-content\/smush-avif\/Susanne-Ritz-2-1024x681.jpg.avif\" class=\"attachment-large size-large wp-image-5322\" alt=\"\" srcset=\"https:\/\/pferdeberufe.ch\/wp-content\/smush-avif\/Susanne-Ritz-2-1024x681.jpg.avif 1024w, https:\/\/pferdeberufe.ch\/wp-content\/uploads\/elementor\/thumbs\/Susanne-Ritz-2-scaled-re0tcjiga9qeoe1muqrts1hs4vsful4qu4kq0mijtc.jpg 300w, https:\/\/pferdeberufe.ch\/wp-content\/smush-avif\/Susanne-Ritz-2-768x511.jpg.avif 768w, https:\/\/pferdeberufe.ch\/wp-content\/smush-avif\/Susanne-Ritz-2-1536x1022.jpg.avif 1536w, https:\/\/pferdeberufe.ch\/wp-content\/smush-avif\/Susanne-Ritz-2-2048x1363.jpg.avif 2048w\" sizes=\"(max-width: 1024px) 100vw, 1024px\" \/>\t\t\t\t\t\t\t\t\t\t\t\t\t\t\t<\/div>\n\t\t\t\t<\/div>\n\t\t\t\t\t<\/div>\n\t\t<\/div>\n\t\t\t\t\t<\/div>\n\t\t<\/section>\n\t\t\t\t<section class=\"elementor-section elementor-top-section elementor-element elementor-element-950153c elementor-section-boxed elementor-section-height-default elementor-section-height-default\" data-id=\"950153c\" data-element_type=\"section\" data-e-type=\"section\">\n\t\t\t\t\t\t<div class=\"elementor-container elementor-column-gap-default\">\n\t\t\t\t\t<div class=\"elementor-column elementor-col-100 elementor-top-column elementor-element elementor-element-f4d430c\" data-id=\"f4d430c\" data-element_type=\"column\" data-e-type=\"column\">\n\t\t\t<div class=\"elementor-widget-wrap elementor-element-populated\">\n\t\t\t\t\t\t<div class=\"elementor-element elementor-element-d1b99c7 elementor-widget elementor-widget-spacer\" data-id=\"d1b99c7\" data-element_type=\"widget\" data-e-type=\"widget\" data-widget_type=\"spacer.default\">\n\t\t\t\t<div class=\"elementor-widget-container\">\n\t\t\t\t\t\t\t<div class=\"elementor-spacer\">\n\t\t\t<div class=\"elementor-spacer-inner\"><\/div>\n\t\t<\/div>\n\t\t\t\t\t\t<\/div>\n\t\t\t\t<\/div>\n\t\t\t\t\t<\/div>\n\t\t<\/div>\n\t\t\t\t\t<\/div>\n\t\t<\/section>\n\t\t\t\t<\/div>\n\t\t","protected":false},"excerpt":{"rendered":"<p>Responsable CI AFP, CFC Soins aux chevaux \/ \u00e9quitation classique Buchs et Berne Succ\u00e8s sportifs en dressage jusqu&rsquo;au niveau S1991 Dipl\u00f4me d&rsquo;\u00e9cuy\u00e8re avec certificat de capacit\u00e91993 Dipl\u00f4me d&rsquo;\u00e9cole de commerce2001 &#8230; <a title=\"Susanne Ritz\" class=\"read-more\" href=\"https:\/\/pferdeberufe.ch\/fr\/susanne-ritz\/\" aria-label=\"En savoir plus sur Susanne Ritz\">Lire la suite<\/a><\/p>\n","protected":false},"author":2,"featured_media":14638,"comment_status":"closed","ping_status":"closed","sticky":false,"template":"","format":"standard","meta":{"wds_primary_category":119,"footnotes":""},"categories":[119],"tags":[120],"class_list":["post-6466","post","type-post","status-publish","format-standard","has-post-thumbnail","hentry","category-moniteur-ci","tag-moniteur-ci"],"publishpress_future_action":{"enabled":false,"date":"2026-05-04 20:52:35","action":"change-status","newStatus":"draft","terms":[],"taxonomy":"category","extraData":[]},"publishpress_future_workflow_manual_trigger":{"enabledWorkflows":[]},"_links":{"self":[{"href":"https:\/\/pferdeberufe.ch\/fr\/wp-json\/wp\/v2\/posts\/6466","targetHints":{"allow":["GET"]}}],"collection":[{"href":"https:\/\/pferdeberufe.ch\/fr\/wp-json\/wp\/v2\/posts"}],"about":[{"href":"https:\/\/pferdeberufe.ch\/fr\/wp-json\/wp\/v2\/types\/post"}],"author":[{"embeddable":true,"href":"https:\/\/pferdeberufe.ch\/fr\/wp-json\/wp\/v2\/users\/2"}],"replies":[{"embeddable":true,"href":"https:\/\/pferdeberufe.ch\/fr\/wp-json\/wp\/v2\/comments?post=6466"}],"version-history":[{"count":2,"href":"https:\/\/pferdeberufe.ch\/fr\/wp-json\/wp\/v2\/posts\/6466\/revisions"}],"predecessor-version":[{"id":14626,"href":"https:\/\/pferdeberufe.ch\/fr\/wp-json\/wp\/v2\/posts\/6466\/revisions\/14626"}],"wp:featuredmedia":[{"embeddable":true,"href":"https:\/\/pferdeberufe.ch\/fr\/wp-json\/wp\/v2\/media\/14638"}],"wp:attachment":[{"href":"https:\/\/pferdeberufe.ch\/fr\/wp-json\/wp\/v2\/media?parent=6466"}],"wp:term":[{"taxonomy":"category","embeddable":true,"href":"https:\/\/pferdeberufe.ch\/fr\/wp-json\/wp\/v2\/categories?post=6466"},{"taxonomy":"post_tag","embeddable":true,"href":"https:\/\/pferdeberufe.ch\/fr\/wp-json\/wp\/v2\/tags?post=6466"}],"curies":[{"name":"wp","href":"https:\/\/api.w.org\/{rel}","templated":true}]}}