
{"id":7041,"date":"2023-03-06T08:46:43","date_gmt":"2023-03-06T07:46:43","guid":{"rendered":"https:\/\/pferdeberufe.ch\/dominic-falk\/"},"modified":"2024-12-24T10:06:25","modified_gmt":"2024-12-24T09:06:25","slug":"vitor-nunes-de-oliveira","status":"publish","type":"post","link":"https:\/\/pferdeberufe.ch\/fr\/vitor-nunes-de-oliveira\/","title":{"rendered":"Vitor Nunes de Oliveira"},"content":{"rendered":"\t\t<div data-elementor-type=\"wp-post\" data-elementor-id=\"7041\" class=\"elementor elementor-7041\" data-elementor-post-type=\"post\">\n\t\t\t\t\t\t<section class=\"elementor-section elementor-top-section elementor-element elementor-element-4d3fadf1 elementor-section-boxed elementor-section-height-default elementor-section-height-default\" data-id=\"4d3fadf1\" data-element_type=\"section\" data-e-type=\"section\">\n\t\t\t\t\t\t<div class=\"elementor-container elementor-column-gap-default\">\n\t\t\t\t\t<div class=\"elementor-column elementor-col-100 elementor-top-column elementor-element elementor-element-74b24e43\" data-id=\"74b24e43\" data-element_type=\"column\" data-e-type=\"column\">\n\t\t\t<div class=\"elementor-widget-wrap elementor-element-populated\">\n\t\t\t\t\t\t<div class=\"elementor-element elementor-element-650bcd54 elementor-widget elementor-widget-text-editor\" data-id=\"650bcd54\" data-element_type=\"widget\" data-e-type=\"widget\" data-widget_type=\"text-editor.default\">\n\t\t\t\t<div class=\"elementor-widget-container\">\n\t\t\t\t\t\t\t\t\t<p>Responsable du CIE courses de chevaux au trot &#8211; Cavalier et entra\u00eeneur de trot \u00e0 succ\u00e8s<\/p>\n<div>\n<p><b><span style=\"font-size: 12.0pt; color: black;\">Carri\u00e8re \u00e9questre\/professionnelle<\/span><\/b><\/p>\n<p><strong>Exp\u00e9riences :<\/strong> <br \/>1992-1998 \u2013 Aide v\u00e9t\u00e9rinaire pour la clinique et employ\u00e9 pour l\u2019entretien et l\u2019entra\u00eenement des chevaux de courses de M. Ren\u00e9 Aebischer <br \/>1998-2000 \u2013 Aide v\u00e9t\u00e9rinaire pour le Dr Hans Georg Stihl <br \/>2000-2014 \u2013 Entraineur et driveur pour l\u2019\u00e9curie Turrettini <br \/>2014-maintenant \u2013 Responsable entra\u00eeneur et driveur pour l\u2019\u00e9curie Turrettini<\/p>\n<p><strong>Dipl\u00f4mes :<\/strong> <br \/>&#8211; Licence driveur amateur : 05.2003 <br \/>&#8211; Licence driveur professionnel : 04.2012 <br \/>&#8211; Licence entra\u00eeneur amateur : 05.2002 <br \/>&#8211; Licence entra\u00eeneur professionnel : 04.2013<\/p>\n<p><strong>Succ\u00e8s sportifs :<\/strong> <br \/>A ce jour, je comptabilise 1463 courses comme entra\u00eeneur dont 308 victoires et 737 plac\u00e9es. \u00c9galement, 1021 courses comme driveur dont 133 victoires et 485 plac\u00e9s.<\/p>\n<p>Voici \u00e9galement mes classements personnels depuis 2017 : <br \/><strong>2017 :<\/strong> <br \/>Entra\u00eeneur : 2\u00e8me <br \/>Driveur : 10\u00e8me <br \/><strong>2018 :<\/strong> <br \/>Entra\u00eeneur : 3\u00e8me <br \/>Driveur : 7\u00e8me <br \/><strong>2019 :<\/strong> <br \/>Entra\u00eeneur : 2\u00e8me <br \/>Driveur : 5\u00e8me <br \/><strong>2020 :<\/strong> <br \/>Entra\u00eeneur : 2\u00e8me <br \/>Driveur : 4\u00e8me <br \/><strong>2021 :<\/strong> <br \/>Entra\u00eeneur : 2\u00e8me <br \/>Driveur : 3\u00e8me <br \/><strong>2022 :<\/strong> <br \/>Entra\u00eeneur : 2\u00e8me <br \/>Driveur : 6\u00e8me <br \/><strong>2023 :<\/strong> <br \/>Entra\u00eeneur : 1\u00e8me <br \/>Driveur : 4\u00e8me <\/p>\n<\/div>\t\t\t\t\t\t\t\t<\/div>\n\t\t\t\t<\/div>\n\t\t\t\t<div class=\"elementor-element elementor-element-77b40cd elementor-widget elementor-widget-spacer\" data-id=\"77b40cd\" data-element_type=\"widget\" data-e-type=\"widget\" data-widget_type=\"spacer.default\">\n\t\t\t\t<div class=\"elementor-widget-container\">\n\t\t\t\t\t\t\t<div class=\"elementor-spacer\">\n\t\t\t<div class=\"elementor-spacer-inner\"><\/div>\n\t\t<\/div>\n\t\t\t\t\t\t<\/div>\n\t\t\t\t<\/div>\n\t\t\t\t\t<\/div>\n\t\t<\/div>\n\t\t\t\t\t<\/div>\n\t\t<\/section>\n\t\t\t\t<\/div>\n\t\t","protected":false},"excerpt":{"rendered":"<p>Responsable du CIE courses de chevaux au trot &#8211; Cavalier et entra\u00eeneur de trot \u00e0 succ\u00e8s Carri\u00e8re \u00e9questre\/professionnelle Exp\u00e9riences : 1992-1998 \u2013 Aide v\u00e9t\u00e9rinaire pour la clinique et employ\u00e9 pour &#8230; <a title=\"Vitor Nunes de Oliveira\" class=\"read-more\" href=\"https:\/\/pferdeberufe.ch\/fr\/vitor-nunes-de-oliveira\/\" aria-label=\"En savoir plus sur Vitor Nunes de Oliveira\">Lire la suite<\/a><\/p>\n","protected":false},"author":2,"featured_media":10060,"comment_status":"closed","ping_status":"closed","sticky":false,"template":"","format":"standard","meta":{"wds_primary_category":0,"footnotes":""},"categories":[119],"tags":[120],"class_list":["post-7041","post","type-post","status-publish","format-standard","has-post-thumbnail","hentry","category-moniteur-ci","tag-moniteur-ci"],"publishpress_future_action":{"enabled":false,"date":"2026-05-04 22:21:25","action":"change-status","newStatus":"draft","terms":[],"taxonomy":"category","extraData":[]},"publishpress_future_workflow_manual_trigger":{"enabledWorkflows":[]},"_links":{"self":[{"href":"https:\/\/pferdeberufe.ch\/fr\/wp-json\/wp\/v2\/posts\/7041","targetHints":{"allow":["GET"]}}],"collection":[{"href":"https:\/\/pferdeberufe.ch\/fr\/wp-json\/wp\/v2\/posts"}],"about":[{"href":"https:\/\/pferdeberufe.ch\/fr\/wp-json\/wp\/v2\/types\/post"}],"author":[{"embeddable":true,"href":"https:\/\/pferdeberufe.ch\/fr\/wp-json\/wp\/v2\/users\/2"}],"replies":[{"embeddable":true,"href":"https:\/\/pferdeberufe.ch\/fr\/wp-json\/wp\/v2\/comments?post=7041"}],"version-history":[{"count":6,"href":"https:\/\/pferdeberufe.ch\/fr\/wp-json\/wp\/v2\/posts\/7041\/revisions"}],"predecessor-version":[{"id":11445,"href":"https:\/\/pferdeberufe.ch\/fr\/wp-json\/wp\/v2\/posts\/7041\/revisions\/11445"}],"wp:featuredmedia":[{"embeddable":true,"href":"https:\/\/pferdeberufe.ch\/fr\/wp-json\/wp\/v2\/media\/10060"}],"wp:attachment":[{"href":"https:\/\/pferdeberufe.ch\/fr\/wp-json\/wp\/v2\/media?parent=7041"}],"wp:term":[{"taxonomy":"category","embeddable":true,"href":"https:\/\/pferdeberufe.ch\/fr\/wp-json\/wp\/v2\/categories?post=7041"},{"taxonomy":"post_tag","embeddable":true,"href":"https:\/\/pferdeberufe.ch\/fr\/wp-json\/wp\/v2\/tags?post=7041"}],"curies":[{"name":"wp","href":"https:\/\/api.w.org\/{rel}","templated":true}]}}